{"id":5887,"date":"2026-03-17T13:30:00","date_gmt":"2026-03-17T12:30:00","guid":{"rendered":"https:\/\/institutdelafinancedurable.com\/?p=5887"},"modified":"2026-04-23T16:02:38","modified_gmt":"2026-04-23T14:02:38","slug":"la-place-de-paris-dresse-un-etat-des-lieux-du-niveau-de-maturite-des-entreprises-en-matiere-devaluation-et-de-gestion-des-risques-climatiques","status":"publish","type":"post","link":"https:\/\/institutdelafinancedurable.com\/la-place-de-paris-dresse-un-etat-des-lieux-du-niveau-de-maturite-des-entreprises-en-matiere-devaluation-et-de-gestion-des-risques-climatiques\/","title":{"rendered":"La Place de Paris dresse un \u00e9tat des lieux du niveau de maturit\u00e9 des entreprises en mati\u00e8re d\u2019\u00e9valuation et de gestion des risques climatiques"},"content":{"rendered":"\t<!-- START OF : Composant : block-periscope-theme-section-composant-14-bloc-contenu-texte.php -->\n<div class=\"container\" data-component=\"14-bloc-contenu-texte\">\n\t\t\t\t<p><strong>\u00c0 partir des premiers \u00e9tats de durabilit\u00e9 ainsi que des auditions des entreprises, l\u2019Institut de la Finance Durable analyse la maturit\u00e9 des entreprises dans l\u2019\u00e9valuation et la gestion des risques climatiques, soulignant \u00e0 la fois les avanc\u00e9es r\u00e9alis\u00e9es et les progr\u00e8s encore n\u00e9cessaires.<\/strong><\/p>\n<p>\u00c9l\u00e9ment cl\u00e9 du Pacte vert pour l\u2019Europe, la directive CSRD vise \u00e0 harmoniser le reporting de durabilit\u00e9 des entreprises et \u00e0 am\u00e9liorer l\u2019acc\u00e8s aux donn\u00e9es ESG publi\u00e9es. Depuis son entr\u00e9e en vigueur le 1<sup>er<\/sup> janvier 2024, les entreprises de la \u00ab\u00a0premi\u00e8re vague\u00a0\u00bb publient un \u00e9tat de durabilit\u00e9 conforme au cadre de reporting des \u00ab\u00a0<em>European Sustainability Reporting Standards<\/em>\u00a0\u00bb (ESRS), qui vise \u00e0 \u00e9tablir un langage commun, des standards partag\u00e9s et un cadre de r\u00e9f\u00e9rence favorisant la qualit\u00e9 de l\u2019information publi\u00e9e ainsi qu\u2019une plus grande transparence. Les premiers \u00e9tats de durabilit\u00e9 publi\u00e9s constituent d\u2019ores et d\u00e9j\u00e0 une source d\u2019information substantielle offrant des \u00e9clairages pertinents sur les pratiques des entreprises en ce qui concerne l\u2019analyse de leurs risques climatiques et la pr\u00e9sentation de leur strat\u00e9gie face \u00e0 ces risques.<\/p>\n<p>Ce rapport vise \u00e0 \u00e9valuer le niveau de maturit\u00e9 en mati\u00e8re d\u2019\u00e9valuation et de gestion des risques climatiques, physiques et de transition, sur la base de ces rapports CSRD et compl\u00e9t\u00e9e par des auditions plus approfondies avec les entreprises. Il s\u2019appuie sur huit \u00e9tudes couvrant en moyenne 178 rapports CSRD chacune, repartis sur douze secteurs, ainsi que sur les auditions de 26 entreprises. L\u2019analyse montre que l\u2019\u00e9valuation et la gestion des risques climatiques commencent \u00e0 se g\u00e9n\u00e9raliser et que les entreprises renforcent progressivement leurs proc\u00e9dures internes et leurs comp\u00e9tences sur ces sujets. Des progr\u00e8s restent toutefois n\u00e9cessaires pour am\u00e9liorer la robustesse des \u00e9valuations et de la structuration des strat\u00e9gies, notamment les plans d\u2019action pour l\u2019adaptation.<\/p>\n<p>Les enseignements de ce premier rapport de l\u2019IFD nourriront un second document \u2013 pr\u00e9vu fin du premier semestre 2026 &#8211; dans lequel seront pr\u00e9sent\u00e9s les approches analytiques, les outils, et les bases de donn\u00e9es disponibles qui permettent aux acteurs d\u2019int\u00e9grer leurs \u00e9valuations de risque \u00e0 leurs d\u00e9cisions d\u2019investissement et de financement.<\/p>\n\t<\/div>\n\t<!-- END OF : Composant : block-periscope-theme-section-composant-14-bloc-contenu-texte.php -->\n\n\n<!-- START OF : Composant : block-periscope-theme-section-composant-bouton.php -->\n\t<div class=\"container text-center\" data-component=\"bouton\">\n\t\t\t\t<a href=\"https:\/\/institutdelafinancedurable.com\/en\/voir-document\/?pdf=wp-content%2Fuploads%2F2026%2F03%2FIFD_Rapport_Risques-climatiques_quels-enseignements-tirer-des-premiers-etats-de-durabilite-csrd.pdf\" target=\"_blank\" class=\"btn btn-outline-primary w-100 w-md-auto mb-3 mx-md-1\">Lire le rapport<\/a>\n\t\t\t\t\t\t\t<\/div>\n\n<!-- END OF : Composant : block-periscope-theme-section-composant-bouton.php -->\n","protected":false},"excerpt":{"rendered":"","protected":false},"author":3,"featured_media":5888,"comment_status":"closed","ping_status":"closed","sticky":false,"template":"","format":"standard","meta":{"_acf_changed":false,"footnotes":""},"categories":[108],"tags":[],"class_list":["post-5887","post","type-post","status-publish","format-standard","has-post-thumbnail","hentry","category-analyse-extra-financiere"],"acf":[],"yoast_head":"<!-- This site is optimized with the Yoast SEO plugin v23.9 - https:\/\/yoast.com\/wordpress\/plugins\/seo\/ -->\n<title>La Place de Paris dresse un \u00e9tat des lieux du niveau de maturit\u00e9 des entreprises en mati\u00e8re d\u2019\u00e9valuation et de gestion des risques climatiques - Institut de la finance durable<\/title>\n<meta name=\"robots\" content=\"index, follow, max-snippet:-1, max-image-preview:large, max-video-preview:-1\" \/>\n<link rel=\"canonical\" href=\"https:\/\/institutdelafinancedurable.com\/en\/wp-json\/wp\/v2\/posts\/5887\/\" \/>\n<meta property=\"og:locale\" content=\"en_US\" \/>\n<meta property=\"og:type\" content=\"article\" \/>\n<meta property=\"og:title\" content=\"La Place de Paris dresse un \u00e9tat des lieux du niveau de maturit\u00e9 des entreprises en mati\u00e8re d\u2019\u00e9valuation et de gestion des risques climatiques - Institut de la finance durable\" \/>\n<meta property=\"og:url\" content=\"https:\/\/institutdelafinancedurable.com\/la-place-de-paris-dresse-un-etat-des-lieux-du-niveau-de-maturite-des-entreprises-en-matiere-devaluation-et-de-gestion-des-risques-climatiques\/\" \/>\n<meta property=\"og:site_name\" content=\"Institut de la finance durable\" \/>\n<meta property=\"article:published_time\" content=\"2026-03-17T12:30:00+00:00\" \/>\n<meta property=\"article:modified_time\" content=\"2026-04-23T14:02:38+00:00\" \/>\n<meta property=\"og:image\" content=\"https:\/\/institutdelafinancedurable.com\/wp-content\/uploads\/2026\/03\/Livrable-RISQUES-CLIMATIQUE-scaled.jpg\" \/>\n\t<meta property=\"og:image:width\" content=\"2560\" \/>\n\t<meta property=\"og:image:height\" content=\"1441\" \/>\n\t<meta property=\"og:image:type\" content=\"image\/jpeg\" \/>\n<meta name=\"author\" content=\"Justine LEVINE-ABILE\" \/>\n<meta name=\"twitter:card\" content=\"summary_large_image\" \/>\n<meta name=\"twitter:creator\" content=\"@wpAdminIFD\" \/>\n<meta name=\"twitter:label1\" content=\"Written by\" \/>\n\t<meta name=\"twitter:data1\" content=\"Justine LEVINE-ABILE\" \/>\n\t<meta name=\"twitter:label2\" content=\"Est. reading time\" \/>\n\t<meta name=\"twitter:data2\" content=\"1 minute\" \/>\n<script type=\"application\/ld+json\" class=\"yoast-schema-graph\">{\"@context\":\"https:\/\/schema.org\",\"@graph\":[{\"@type\":\"WebPage\",\"@id\":\"https:\/\/institutdelafinancedurable.com\/la-place-de-paris-dresse-un-etat-des-lieux-du-niveau-de-maturite-des-entreprises-en-matiere-devaluation-et-de-gestion-des-risques-climatiques\/\",\"url\":\"https:\/\/institutdelafinancedurable.com\/la-place-de-paris-dresse-un-etat-des-lieux-du-niveau-de-maturite-des-entreprises-en-matiere-devaluation-et-de-gestion-des-risques-climatiques\/\",\"name\":\"La Place de Paris dresse un \u00e9tat des lieux du niveau de maturit\u00e9 des entreprises en mati\u00e8re d\u2019\u00e9valuation et de gestion des risques climatiques - Institut de la finance durable\",\"isPartOf\":{\"@id\":\"https:\/\/institutdelafinancedurable.com\/en\/#website\"},\"primaryImageOfPage\":{\"@id\":\"https:\/\/institutdelafinancedurable.com\/la-place-de-paris-dresse-un-etat-des-lieux-du-niveau-de-maturite-des-entreprises-en-matiere-devaluation-et-de-gestion-des-risques-climatiques\/#primaryimage\"},\"image\":{\"@id\":\"https:\/\/institutdelafinancedurable.com\/la-place-de-paris-dresse-un-etat-des-lieux-du-niveau-de-maturite-des-entreprises-en-matiere-devaluation-et-de-gestion-des-risques-climatiques\/#primaryimage\"},\"thumbnailUrl\":\"https:\/\/institutdelafinancedurable.com\/wp-content\/uploads\/2026\/03\/Livrable-RISQUES-CLIMATIQUE-scaled.jpg\",\"datePublished\":\"2026-03-17T12:30:00+00:00\",\"dateModified\":\"2026-04-23T14:02:38+00:00\",\"author\":{\"@id\":\"https:\/\/institutdelafinancedurable.com\/en\/#\/schema\/person\/8f2cc22639896fdeaf29501ed44daf8f\"},\"breadcrumb\":{\"@id\":\"https:\/\/institutdelafinancedurable.com\/la-place-de-paris-dresse-un-etat-des-lieux-du-niveau-de-maturite-des-entreprises-en-matiere-devaluation-et-de-gestion-des-risques-climatiques\/#breadcrumb\"},\"inLanguage\":\"en-US\",\"potentialAction\":[{\"@type\":\"ReadAction\",\"target\":[\"https:\/\/institutdelafinancedurable.com\/la-place-de-paris-dresse-un-etat-des-lieux-du-niveau-de-maturite-des-entreprises-en-matiere-devaluation-et-de-gestion-des-risques-climatiques\/\"]}]},{\"@type\":\"ImageObject\",\"inLanguage\":\"en-US\",\"@id\":\"https:\/\/institutdelafinancedurable.com\/la-place-de-paris-dresse-un-etat-des-lieux-du-niveau-de-maturite-des-entreprises-en-matiere-devaluation-et-de-gestion-des-risques-climatiques\/#primaryimage\",\"url\":\"https:\/\/institutdelafinancedurable.com\/wp-content\/uploads\/2026\/03\/Livrable-RISQUES-CLIMATIQUE-scaled.jpg\",\"contentUrl\":\"https:\/\/institutdelafinancedurable.com\/wp-content\/uploads\/2026\/03\/Livrable-RISQUES-CLIMATIQUE-scaled.jpg\",\"width\":2560,\"height\":1441},{\"@type\":\"BreadcrumbList\",\"@id\":\"https:\/\/institutdelafinancedurable.com\/la-place-de-paris-dresse-un-etat-des-lieux-du-niveau-de-maturite-des-entreprises-en-matiere-devaluation-et-de-gestion-des-risques-climatiques\/#breadcrumb\",\"itemListElement\":[{\"@type\":\"ListItem\",\"position\":1,\"name\":\"Home\",\"item\":\"https:\/\/institutdelafinancedurable.com\"},{\"@type\":\"ListItem\",\"position\":2,\"name\":\"Newsroom\",\"item\":\"https:\/\/institutdelafinancedurable.com\/en\/newsroom\/\"},{\"@type\":\"ListItem\",\"position\":3,\"name\":\"La Place de Paris dresse un \u00e9tat des lieux du niveau de maturit\u00e9 des entreprises en mati\u00e8re d\u2019\u00e9valuation et de gestion des risques climatiques\"}]},{\"@type\":\"WebSite\",\"@id\":\"https:\/\/institutdelafinancedurable.com\/en\/#website\",\"url\":\"https:\/\/institutdelafinancedurable.com\/en\/\",\"name\":\"Institut de la finance durable\",\"description\":\"\",\"potentialAction\":[{\"@type\":\"SearchAction\",\"target\":{\"@type\":\"EntryPoint\",\"urlTemplate\":\"https:\/\/institutdelafinancedurable.com\/en\/?s={search_term_string}\"},\"query-input\":{\"@type\":\"PropertyValueSpecification\",\"valueRequired\":true,\"valueName\":\"search_term_string\"}}],\"inLanguage\":\"en-US\"},{\"@type\":\"Person\",\"@id\":\"https:\/\/institutdelafinancedurable.com\/en\/#\/schema\/person\/8f2cc22639896fdeaf29501ed44daf8f\",\"name\":\"Justine LEVINE-ABILE\",\"image\":{\"@type\":\"ImageObject\",\"inLanguage\":\"en-US\",\"@id\":\"https:\/\/institutdelafinancedurable.com\/en\/#\/schema\/person\/image\/\",\"url\":\"https:\/\/secure.gravatar.com\/avatar\/04dde7f3b278e0b99d10e67e25e9e9db?s=96&d=mm&r=g\",\"contentUrl\":\"https:\/\/secure.gravatar.com\/avatar\/04dde7f3b278e0b99d10e67e25e9e9db?s=96&d=mm&r=g\",\"caption\":\"Justine LEVINE-ABILE\"},\"sameAs\":[\"https:\/\/x.com\/wpAdminIFD\"],\"url\":\"https:\/\/institutdelafinancedurable.com\/en\/author\/jlevineabile\/\"}]}<\/script>\n<!-- \/ Yoast SEO plugin. -->","yoast_head_json":{"title":"La Place de Paris dresse un \u00e9tat des lieux du niveau de maturit\u00e9 des entreprises en mati\u00e8re d\u2019\u00e9valuation et de gestion des risques climatiques - Institut de la finance durable","robots":{"index":"index","follow":"follow","max-snippet":"max-snippet:-1","max-image-preview":"max-image-preview:large","max-video-preview":"max-video-preview:-1"},"canonical":"https:\/\/institutdelafinancedurable.com\/en\/wp-json\/wp\/v2\/posts\/5887\/","og_locale":"en_US","og_type":"article","og_title":"La Place de Paris dresse un \u00e9tat des lieux du niveau de maturit\u00e9 des entreprises en mati\u00e8re d\u2019\u00e9valuation et de gestion des risques climatiques - Institut de la finance durable","og_url":"https:\/\/institutdelafinancedurable.com\/la-place-de-paris-dresse-un-etat-des-lieux-du-niveau-de-maturite-des-entreprises-en-matiere-devaluation-et-de-gestion-des-risques-climatiques\/","og_site_name":"Institut de la finance durable","article_published_time":"2026-03-17T12:30:00+00:00","article_modified_time":"2026-04-23T14:02:38+00:00","og_image":[{"width":2560,"height":1441,"url":"https:\/\/institutdelafinancedurable.com\/wp-content\/uploads\/2026\/03\/Livrable-RISQUES-CLIMATIQUE-scaled.jpg","type":"image\/jpeg"}],"author":"Justine LEVINE-ABILE","twitter_card":"summary_large_image","twitter_creator":"@wpAdminIFD","twitter_misc":{"Written by":"Justine LEVINE-ABILE","Est. reading time":"1 minute"},"schema":{"@context":"https:\/\/schema.org","@graph":[{"@type":"WebPage","@id":"https:\/\/institutdelafinancedurable.com\/la-place-de-paris-dresse-un-etat-des-lieux-du-niveau-de-maturite-des-entreprises-en-matiere-devaluation-et-de-gestion-des-risques-climatiques\/","url":"https:\/\/institutdelafinancedurable.com\/la-place-de-paris-dresse-un-etat-des-lieux-du-niveau-de-maturite-des-entreprises-en-matiere-devaluation-et-de-gestion-des-risques-climatiques\/","name":"La Place de Paris dresse un \u00e9tat des lieux du niveau de maturit\u00e9 des entreprises en mati\u00e8re d\u2019\u00e9valuation et de gestion des risques climatiques - Institut de la finance durable","isPartOf":{"@id":"https:\/\/institutdelafinancedurable.com\/en\/#website"},"primaryImageOfPage":{"@id":"https:\/\/institutdelafinancedurable.com\/la-place-de-paris-dresse-un-etat-des-lieux-du-niveau-de-maturite-des-entreprises-en-matiere-devaluation-et-de-gestion-des-risques-climatiques\/#primaryimage"},"image":{"@id":"https:\/\/institutdelafinancedurable.com\/la-place-de-paris-dresse-un-etat-des-lieux-du-niveau-de-maturite-des-entreprises-en-matiere-devaluation-et-de-gestion-des-risques-climatiques\/#primaryimage"},"thumbnailUrl":"https:\/\/institutdelafinancedurable.com\/wp-content\/uploads\/2026\/03\/Livrable-RISQUES-CLIMATIQUE-scaled.jpg","datePublished":"2026-03-17T12:30:00+00:00","dateModified":"2026-04-23T14:02:38+00:00","author":{"@id":"https:\/\/institutdelafinancedurable.com\/en\/#\/schema\/person\/8f2cc22639896fdeaf29501ed44daf8f"},"breadcrumb":{"@id":"https:\/\/institutdelafinancedurable.com\/la-place-de-paris-dresse-un-etat-des-lieux-du-niveau-de-maturite-des-entreprises-en-matiere-devaluation-et-de-gestion-des-risques-climatiques\/#breadcrumb"},"inLanguage":"en-US","potentialAction":[{"@type":"ReadAction","target":["https:\/\/institutdelafinancedurable.com\/la-place-de-paris-dresse-un-etat-des-lieux-du-niveau-de-maturite-des-entreprises-en-matiere-devaluation-et-de-gestion-des-risques-climatiques\/"]}]},{"@type":"ImageObject","inLanguage":"en-US","@id":"https:\/\/institutdelafinancedurable.com\/la-place-de-paris-dresse-un-etat-des-lieux-du-niveau-de-maturite-des-entreprises-en-matiere-devaluation-et-de-gestion-des-risques-climatiques\/#primaryimage","url":"https:\/\/institutdelafinancedurable.com\/wp-content\/uploads\/2026\/03\/Livrable-RISQUES-CLIMATIQUE-scaled.jpg","contentUrl":"https:\/\/institutdelafinancedurable.com\/wp-content\/uploads\/2026\/03\/Livrable-RISQUES-CLIMATIQUE-scaled.jpg","width":2560,"height":1441},{"@type":"BreadcrumbList","@id":"https:\/\/institutdelafinancedurable.com\/la-place-de-paris-dresse-un-etat-des-lieux-du-niveau-de-maturite-des-entreprises-en-matiere-devaluation-et-de-gestion-des-risques-climatiques\/#breadcrumb","itemListElement":[{"@type":"ListItem","position":1,"name":"Home","item":"https:\/\/institutdelafinancedurable.com"},{"@type":"ListItem","position":2,"name":"Newsroom","item":"https:\/\/institutdelafinancedurable.com\/en\/newsroom\/"},{"@type":"ListItem","position":3,"name":"La Place de Paris dresse un \u00e9tat des lieux du niveau de maturit\u00e9 des entreprises en mati\u00e8re d\u2019\u00e9valuation et de gestion des risques climatiques"}]},{"@type":"WebSite","@id":"https:\/\/institutdelafinancedurable.com\/en\/#website","url":"https:\/\/institutdelafinancedurable.com\/en\/","name":"Institut de la finance durable","description":"","potentialAction":[{"@type":"SearchAction","target":{"@type":"EntryPoint","urlTemplate":"https:\/\/institutdelafinancedurable.com\/en\/?s={search_term_string}"},"query-input":{"@type":"PropertyValueSpecification","valueRequired":true,"valueName":"search_term_string"}}],"inLanguage":"en-US"},{"@type":"Person","@id":"https:\/\/institutdelafinancedurable.com\/en\/#\/schema\/person\/8f2cc22639896fdeaf29501ed44daf8f","name":"Justine LEVINE-ABILE","image":{"@type":"ImageObject","inLanguage":"en-US","@id":"https:\/\/institutdelafinancedurable.com\/en\/#\/schema\/person\/image\/","url":"https:\/\/secure.gravatar.com\/avatar\/04dde7f3b278e0b99d10e67e25e9e9db?s=96&d=mm&r=g","contentUrl":"https:\/\/secure.gravatar.com\/avatar\/04dde7f3b278e0b99d10e67e25e9e9db?s=96&d=mm&r=g","caption":"Justine LEVINE-ABILE"},"sameAs":["https:\/\/x.com\/wpAdminIFD"],"url":"https:\/\/institutdelafinancedurable.com\/en\/author\/jlevineabile\/"}]}},"_links":{"self":[{"href":"https:\/\/institutdelafinancedurable.com\/en\/wp-json\/wp\/v2\/posts\/5887","targetHints":{"allow":["GET"]}}],"collection":[{"href":"https:\/\/institutdelafinancedurable.com\/en\/wp-json\/wp\/v2\/posts"}],"about":[{"href":"https:\/\/institutdelafinancedurable.com\/en\/wp-json\/wp\/v2\/types\/post"}],"author":[{"embeddable":true,"href":"https:\/\/institutdelafinancedurable.com\/en\/wp-json\/wp\/v2\/users\/3"}],"replies":[{"embeddable":true,"href":"https:\/\/institutdelafinancedurable.com\/en\/wp-json\/wp\/v2\/comments?post=5887"}],"version-history":[{"count":10,"href":"https:\/\/institutdelafinancedurable.com\/en\/wp-json\/wp\/v2\/posts\/5887\/revisions"}],"predecessor-version":[{"id":6022,"href":"https:\/\/institutdelafinancedurable.com\/en\/wp-json\/wp\/v2\/posts\/5887\/revisions\/6022"}],"wp:featuredmedia":[{"embeddable":true,"href":"https:\/\/institutdelafinancedurable.com\/en\/wp-json\/wp\/v2\/media\/5888"}],"wp:attachment":[{"href":"https:\/\/institutdelafinancedurable.com\/en\/wp-json\/wp\/v2\/media?parent=5887"}],"wp:term":[{"taxonomy":"category","embeddable":true,"href":"https:\/\/institutdelafinancedurable.com\/en\/wp-json\/wp\/v2\/categories?post=5887"},{"taxonomy":"post_tag","embeddable":true,"href":"https:\/\/institutdelafinancedurable.com\/en\/wp-json\/wp\/v2\/tags?post=5887"}],"curies":[{"name":"wp","href":"https:\/\/api.w.org\/{rel}","templated":true}]}}